{"id":5811,"date":"2025-12-12T09:29:48","date_gmt":"2025-12-12T09:29:48","guid":{"rendered":"https:\/\/dr-anna-brandenburg.de\/?p=5811"},"modified":"2025-12-12T09:30:11","modified_gmt":"2025-12-12T09:30:11","slug":"aktuelle-informationen-geaenderte-oeffnungszeiten-an-den-feiertagen-2025","status":"publish","type":"post","link":"https:\/\/dr-anna-brandenburg.de\/de\/aktuelle-informationen-geaenderte-oeffnungszeiten-an-den-feiertagen-2025\/","title":{"rendered":"Aktuelle Informationen: Ge\u00e4nderte \u00d6ffnungszeiten an den Feiertagen 2025"},"content":{"rendered":"\n<h2 class=\"wp-block-heading\">Warum gibt es angepasste \u00d6ffnungszeiten?<\/h2>\n\n\n\n<p>Feiertage bringen besondere Rahmenbedingungen mit sich: ver\u00e4nderte Patientennachfrage, eingeschr\u00e4nkte Laborzeiten sowie reduzierte Verf\u00fcgbarkeiten externer medizinischer Partner. Mit unseren angepassten \u00d6ffnungszeiten gew\u00e4hrleisten wir weiterhin eine sichere Versorgung, klare Abl\u00e4ufe und bestm\u00f6gliche Erreichbarkeit w\u00e4hrend dieser besonderen Zeitr\u00e4ume.<\/p>\n\n\n\n<div style=\"height:50px\" aria-hidden=\"true\" class=\"wp-block-spacer\"><\/div>\n\n\n\n<h2 class=\"wp-block-heading\">Welche \u00c4nderungen gelten f\u00fcr 2025?<\/h2>\n\n\n\n<p>Die konkreten \u00d6ffnungszeiten f\u00fcr die jeweiligen Feiertage werden fr\u00fchzeitig kommuniziert, damit Sie Ihre Termine rechtzeitig planen k\u00f6nnen. Wir aktualisieren die Zeiten sowohl auf unserer Website als auch im Online-Terminbuchungssystem. Bitte beachten Sie, dass an einzelnen Feiertagen ausschlie\u00dflich Akutsprechstunden oder Notfalltermine m\u00f6glich sein k\u00f6nnen.<\/p>\n\n\n\n<div style=\"height:50px\" aria-hidden=\"true\" class=\"wp-block-spacer\"><\/div>\n\n\n\n<h3 class=\"wp-block-heading\">Wichtig: Terminvereinbarung notwendig<\/h3>\n\n\n\n<p>Auch an Tagen mit angepassten \u00d6ffnungszeiten erfolgt die Behandlung grunds\u00e4tzlich <strong>nach Terminvereinbarung<\/strong>, um Wartezeiten zu minimieren und gen\u00fcgend Zeit f\u00fcr jede Patientin und jeden Patienten einplanen zu k\u00f6nnen.<\/p>\n","protected":false},"excerpt":{"rendered":"<p>Auch im Jahr 2025 m\u00f6chten wir Ihnen rund um die Feiertage eine zuverl\u00e4ssige und planbare medizinische Versorgung bieten. Da sich in dieser Zeit die Nachfrage und Organisationsstrukturen erfahrungsgem\u00e4\u00df ver\u00e4ndern, passen wir unsere Praxis\u00f6ffnungszeiten zu einzelnen Feiertagen entsprechend an.<\/p>\n","protected":false},"author":1,"featured_media":1416,"comment_status":"open","ping_status":"open","sticky":false,"template":"","format":"standard","meta":{"footnotes":""},"categories":[1],"tags":[],"class_list":["post-5811","post","type-post","status-publish","format-standard","has-post-thumbnail","hentry","category-nicht-kategorisiert"],"_links":{"self":[{"href":"https:\/\/dr-anna-brandenburg.de\/de\/wp-json\/wp\/v2\/posts\/5811","targetHints":{"allow":["GET"]}}],"collection":[{"href":"https:\/\/dr-anna-brandenburg.de\/de\/wp-json\/wp\/v2\/posts"}],"about":[{"href":"https:\/\/dr-anna-brandenburg.de\/de\/wp-json\/wp\/v2\/types\/post"}],"author":[{"embeddable":true,"href":"https:\/\/dr-anna-brandenburg.de\/de\/wp-json\/wp\/v2\/users\/1"}],"replies":[{"embeddable":true,"href":"https:\/\/dr-anna-brandenburg.de\/de\/wp-json\/wp\/v2\/comments?post=5811"}],"version-history":[{"count":0,"href":"https:\/\/dr-anna-brandenburg.de\/de\/wp-json\/wp\/v2\/posts\/5811\/revisions"}],"wp:featuredmedia":[{"embeddable":true,"href":"https:\/\/dr-anna-brandenburg.de\/de\/wp-json\/wp\/v2\/media\/1416"}],"wp:attachment":[{"href":"https:\/\/dr-anna-brandenburg.de\/de\/wp-json\/wp\/v2\/media?parent=5811"}],"wp:term":[{"taxonomy":"category","embeddable":true,"href":"https:\/\/dr-anna-brandenburg.de\/de\/wp-json\/wp\/v2\/categories?post=5811"},{"taxonomy":"post_tag","embeddable":true,"href":"https:\/\/dr-anna-brandenburg.de\/de\/wp-json\/wp\/v2\/tags?post=5811"}],"curies":[{"name":"wp","href":"https:\/\/api.w.org\/{rel}","templated":true}]}}